{"id":1670,"date":"2025-05-02T19:15:32","date_gmt":"2025-05-02T17:15:32","guid":{"rendered":"https:\/\/www.fpoe-traun.at\/?p=1670"},"modified":"2025-09-30T15:06:23","modified_gmt":"2025-09-30T13:06:23","slug":"1-mai-kundgebung","status":"publish","type":"post","link":"https:\/\/www.fpoe-traun.at\/?p=1670","title":{"rendered":"1.Mai Kundgebung"},"content":{"rendered":"\n<p>Heute am 1. Mai stehen wir als FP\u00d6 Traun gemeinsam in Linz auf \u2013 bei der traditionellen Kundgebung am Urfahranermarkt!<\/p>\n\n\n\n<p>Unsere Heimat braucht eine starke freiheitliche <a><\/a>Kraft \u2013 und wir arbeiten entschlossen daran, Manfred Haimbuchner f\u00fcr 2027 zu st\u00e4rken. F\u00fcr eine Politik mit Hausverstand, Heimatliebe und echter Verantwortung f\u00fcr Ober\u00f6sterreich!<\/p>\n","protected":false},"excerpt":{"rendered":"<p>Heute am 1. Mai stehen wir als FP\u00d6 Traun gemeinsam in Linz auf \u2013 bei der traditionellen Kundgebung am Urfahranermarkt! Unsere Heimat braucht eine starke freiheitliche Kraft \u2013 und wir arbeiten entschlossen daran, Manfred Haimbuchner f\u00fcr 2027 zu st\u00e4rken. F\u00fcr eine Politik mit Hausverstand, Heimatliebe und echter Verantwortung f\u00fcr Ober\u00f6sterreich!<\/p>\n","protected":false},"author":2,"featured_media":1674,"comment_status":"closed","ping_status":"open","sticky":false,"template":"","format":"standard","meta":{"neve_meta_sidebar":"","neve_meta_container":"","neve_meta_enable_content_width":"","neve_meta_content_width":0,"neve_meta_title_alignment":"","neve_meta_author_avatar":"","neve_post_elements_order":"","neve_meta_disable_header":"","neve_meta_disable_footer":"","neve_meta_disable_title":"","footnotes":""},"categories":[3],"tags":[],"class_list":["post-1670","post","type-post","status-publish","format-standard","has-post-thumbnail","hentry","category-aus-den-ressorts"],"jetpack_sharing_enabled":true,"jetpack_featured_media_url":"https:\/\/www.fpoe-traun.at\/wp-content\/uploads\/2025\/05\/494349455_1004946241825945_8991909289814761979_n.jpg","_links":{"self":[{"href":"https:\/\/www.fpoe-traun.at\/index.php?rest_route=\/wp\/v2\/posts\/1670","targetHints":{"allow":["GET"]}}],"collection":[{"href":"https:\/\/www.fpoe-traun.at\/index.php?rest_route=\/wp\/v2\/posts"}],"about":[{"href":"https:\/\/www.fpoe-traun.at\/index.php?rest_route=\/wp\/v2\/types\/post"}],"author":[{"embeddable":true,"href":"https:\/\/www.fpoe-traun.at\/index.php?rest_route=\/wp\/v2\/users\/2"}],"replies":[{"embeddable":true,"href":"https:\/\/www.fpoe-traun.at\/index.php?rest_route=%2Fwp%2Fv2%2Fcomments&post=1670"}],"version-history":[{"count":3,"href":"https:\/\/www.fpoe-traun.at\/index.php?rest_route=\/wp\/v2\/posts\/1670\/revisions"}],"predecessor-version":[{"id":1682,"href":"https:\/\/www.fpoe-traun.at\/index.php?rest_route=\/wp\/v2\/posts\/1670\/revisions\/1682"}],"wp:featuredmedia":[{"embeddable":true,"href":"https:\/\/www.fpoe-traun.at\/index.php?rest_route=\/wp\/v2\/media\/1674"}],"wp:attachment":[{"href":"https:\/\/www.fpoe-traun.at\/index.php?rest_route=%2Fwp%2Fv2%2Fmedia&parent=1670"}],"wp:term":[{"taxonomy":"category","embeddable":true,"href":"https:\/\/www.fpoe-traun.at\/index.php?rest_route=%2Fwp%2Fv2%2Fcategories&post=1670"},{"taxonomy":"post_tag","embeddable":true,"href":"https:\/\/www.fpoe-traun.at\/index.php?rest_route=%2Fwp%2Fv2%2Ftags&post=1670"}],"curies":[{"name":"wp","href":"https:\/\/api.w.org\/{rel}","templated":true}]}}